{"id":529,"date":"2022-06-22T11:44:55","date_gmt":"2022-06-22T09:44:55","guid":{"rendered":"https:\/\/rythmologie.fr\/?p=529"},"modified":"2022-10-21T10:15:10","modified_gmt":"2022-10-21T08:15:10","slug":"bibliographie-du-13-06-22","status":"publish","type":"post","link":"https:\/\/rythmologie.fr\/index\/bibliographie-du-13-06-22\/","title":{"rendered":"Bibliographie du 13\/06\/22"},"content":{"rendered":"<p>[vc_row][vc_column width=&#8221;1\/6&#8243;][\/vc_column][vc_column width=&#8221;2\/3&#8243;][vc_column_text]<\/p>\n<h3 style=\"text-align: center;\"><strong>Bibliographie du 13 juin 2022<\/strong><\/h3>\n<p>[\/vc_column_text][vc_column_text]\ud83e\udd15M\u00e9canisme des syncopes inexpliqu\u00e9es<br \/>\n<a href=\"https:\/\/lnkd.in\/eR6c5vTd\" target=\"_blank\" rel=\"noopener\" data-attribute-index=\"0\">https:\/\/lnkd.in\/eR6c5vTd<\/a><\/p>\n<p>\ud83e\udde0Impact des AVC asympto sur la fonction cognitive chez les patients en FA<br \/>\n<a href=\"https:\/\/lnkd.in\/eqUx4qGU\" target=\"_blank\" rel=\"noopener\" data-attribute-index=\"1\">https:\/\/lnkd.in\/eqUx4qGU<\/a><\/p>\n<p>\ud83d\udc8aImpact du pr\u00e9-traitement par anti-arythmique avant une cardioversion de FA<br \/>\n<a href=\"https:\/\/lnkd.in\/ehzPDQHW\" target=\"_blank\" rel=\"noopener\" data-attribute-index=\"2\">https:\/\/lnkd.in\/ehzPDQHW<\/a><\/p>\n<p>\ud83e\udec0Ablation ambulatoire de FA<br \/>\n&gt; Efficacit\u00e9 et s\u00e9curit\u00e9<br \/>\n&gt; mais data peu robustes, n\u00e9cessit\u00e9 d&#8217;\u00e9tudes de meilleure qualit\u00e9<br \/>\n<a href=\"https:\/\/lnkd.in\/e4cStYMq\" target=\"_blank\" rel=\"noopener\" data-attribute-index=\"3\">https:\/\/lnkd.in\/e4cStYMq<\/a>[\/vc_column_text][\/vc_column][vc_column width=&#8221;1\/6&#8243;][\/vc_column][\/vc_row]<\/p>\n","protected":false},"excerpt":{"rendered":"<p>[vc_row][vc_column width=&#8221;1\/6&#8243;][\/vc_column][vc_column width=&#8221;2\/3&#8243;][vc_column_text] Bibliographie du 13 juin 2022 [\/vc_column_text][vc_column_text]\ud83e\udd15M\u00e9canisme des syncopes inexpliqu\u00e9es https:\/\/lnkd.in\/eR6c5vTd \ud83e\udde0Impact des AVC asympto sur la fonction cognitive chez les patients en FA https:\/\/lnkd.in\/eqUx4qGU \ud83d\udc8aImpact du pr\u00e9-traitement par anti-arythmique avant une cardioversion de FA https:\/\/lnkd.in\/ehzPDQHW \ud83e\udec0Ablation ambulatoire de FA &gt; Efficacit\u00e9 et s\u00e9curit\u00e9 &gt; mais data peu robustes, n\u00e9cessit\u00e9 d&#8217;\u00e9tudes de meilleure&hellip;<\/p>\n","protected":false},"author":2,"featured_media":2491,"comment_status":"closed","ping_status":"closed","sticky":false,"template":"","format":"standard","meta":{"inline_featured_image":false,"footnotes":"","_links_to":"","_links_to_target":""},"categories":[38,22],"tags":[],"class_list":["post-529","post","type-post","status-publish","format-standard","has-post-thumbnail","hentry","category-bibliographie","category-articles","category-38","category-22","description-off"],"_links":{"self":[{"href":"https:\/\/rythmologie.fr\/index\/wp-json\/wp\/v2\/posts\/529","targetHints":{"allow":["GET"]}}],"collection":[{"href":"https:\/\/rythmologie.fr\/index\/wp-json\/wp\/v2\/posts"}],"about":[{"href":"https:\/\/rythmologie.fr\/index\/wp-json\/wp\/v2\/types\/post"}],"author":[{"embeddable":true,"href":"https:\/\/rythmologie.fr\/index\/wp-json\/wp\/v2\/users\/2"}],"replies":[{"embeddable":true,"href":"https:\/\/rythmologie.fr\/index\/wp-json\/wp\/v2\/comments?post=529"}],"version-history":[{"count":3,"href":"https:\/\/rythmologie.fr\/index\/wp-json\/wp\/v2\/posts\/529\/revisions"}],"predecessor-version":[{"id":535,"href":"https:\/\/rythmologie.fr\/index\/wp-json\/wp\/v2\/posts\/529\/revisions\/535"}],"wp:featuredmedia":[{"embeddable":true,"href":"https:\/\/rythmologie.fr\/index\/wp-json\/wp\/v2\/media\/2491"}],"wp:attachment":[{"href":"https:\/\/rythmologie.fr\/index\/wp-json\/wp\/v2\/media?parent=529"}],"wp:term":[{"taxonomy":"category","embeddable":true,"href":"https:\/\/rythmologie.fr\/index\/wp-json\/wp\/v2\/categories?post=529"},{"taxonomy":"post_tag","embeddable":true,"href":"https:\/\/rythmologie.fr\/index\/wp-json\/wp\/v2\/tags?post=529"}],"curies":[{"name":"wp","href":"https:\/\/api.w.org\/{rel}","templated":true}]}}