{"id":3239,"date":"2023-05-03T10:07:28","date_gmt":"2023-05-03T08:07:28","guid":{"rendered":"https:\/\/rythmologie.fr\/index\/?p=3239"},"modified":"2023-05-03T10:51:03","modified_gmt":"2023-05-03T08:51:03","slug":"newsletter-mai-2023-an-mri-substudy-of-the-powerfast-iii-trial-subtroke","status":"publish","type":"post","link":"https:\/\/rythmologie.fr\/index\/newsletter-mai-2023-an-mri-substudy-of-the-powerfast-iii-trial-subtroke\/","title":{"rendered":" Newsletter Mai 2023 &#8211; An MRI substudy of the ..."},"content":{"rendered":"<p>[vc_row][vc_column css=&#8221;.vc_custom_1663235123898{margin-top: 0px !important;border-top-width: 0px !important;background-color: rgba(255,255,255,0.1) !important;*background-color: rgb(255,255,255) !important;}&#8221;]<div id=\"ultimate-heading-911069f110674df8a\" class=\"uvc-heading ult-adjust-bottom-margin ultimate-heading-911069f110674df8a uvc-6436  uvc-heading-default-font-sizes\" data-hspacer=\"no_spacer\"  data-halign=\"center\" style=\"text-align:center\"><div class=\"uvc-heading-spacer no_spacer\" style=\"top\"><\/div><div class=\"uvc-main-heading ult-responsive\"  data-ultimate-target='.uvc-heading.ultimate-heading-911069f110674df8a h2'  data-responsive-json-new='{\"font-size\":\"\",\"line-height\":\"\"}' ><h2 style=\"--font-weight:theme;margin-top:20px;margin-bottom:20px;\">Newsletter Groupe Rythmologie \u2013 Stimulation cardiaque de la SFC<\/h2><\/div><div class=\"uvc-sub-heading ult-responsive\"  data-ultimate-target='.uvc-heading.ultimate-heading-911069f110674df8a .uvc-sub-heading '  data-responsive-json-new='{\"font-size\":\"\",\"line-height\":\"\"}'  style=\"font-weight:normal;margin-top:20px;margin-bottom:20px;\">Mai 2023<\/div><\/div>[vc_empty_space height=&#8221;24px&#8221;][vc_separator color=&#8221;custom&#8221; accent_color=&#8221;#e42925&#8243;][\/vc_column][\/vc_row][vc_row][vc_column]<div id=\"ultimate-heading-381169f110674dfe2\" class=\"uvc-heading ult-adjust-bottom-margin ultimate-heading-381169f110674dfe2 uvc-273 \" data-hspacer=\"no_spacer\"  data-halign=\"left\" style=\"text-align:left\"><div class=\"uvc-heading-spacer no_spacer\" style=\"top\"><\/div><div class=\"uvc-main-heading ult-responsive\"  data-ultimate-target='.uvc-heading.ultimate-heading-381169f110674dfe2 h3'  data-responsive-json-new='{\"font-size\":\"\",\"line-height\":\"desktop:24px;\"}' ><h3 style=\"--font-weight:theme;color:#e42925;margin-top:24px;margin-bottom:24px;\">An MRI substudy of the POWERFAST III Trial SUBTROKE<\/h3><\/div><div class=\"uvc-sub-heading ult-responsive\"  data-ultimate-target='.uvc-heading.ultimate-heading-381169f110674dfe2 .uvc-sub-heading '  data-responsive-json-new='{\"font-size\":\"\",\"line-height\":\"\"}'  style=\"font-weight:normal;color:#000000;margin-top:24px;margin-bottom:24px;\"><\/p>\n<div class=\"page\" title=\"Page 2\">\n<div class=\"layoutArea\">\n<div class=\"column\">\n<div class=\"page\" title=\"Page 4\">\n<div class=\"layoutArea\">\n<div class=\"column\">\n<div class=\"page\" title=\"Page 4\">\n<div class=\"layoutArea\">\n<div class=\"column\">\n<p><em>Auteur :\u00a0Mina AIT SAID &#8211; Paris<\/em><\/p>\n<\/div>\n<\/div>\n<\/div>\n<\/div>\n<\/div>\n<\/div>\n<\/div>\n<\/div>\n<\/div>\n<p><\/div><\/div>[vc_empty_space height=&#8221;24px&#8221;][vc_column_text]<\/p>\n<p style=\"font-weight: 400;\">L\u2019IRM c\u00e9r\u00e9brale a montr\u00e9 une augmentation des l\u00e9sions isch\u00e9miques c\u00e9r\u00e9brales chez des patients ablat\u00e9s de fibrillation atriale (FA) avec une incidence plus \u00e9lev\u00e9e li\u00e9e \u00e0 l\u2019utilisation de certains cath\u00e9ters.<\/p>\n<h3 style=\"font-weight: 400;\"><strong><u>Objectif de cette sous-\u00e9tude\u00a0:<\/u><\/strong><\/h3>\n<p style=\"font-weight: 400;\">Comparer le taux d\u2019AVC infracliniques en fonction de la strat\u00e9gie th\u00e9rapeutique utilis\u00e9e chez des patients ablat\u00e9s de FA (ablation par radiofr\u00e9quence haute puissance-courte dur\u00e9e vs ablation par RF conventionnelle).<\/p>\n<h3 style=\"font-weight: 400;\"><strong><u>M\u00e9thodologie et population \u00e9tudi\u00e9e\u00a0:<\/u><\/strong><\/h3>\n<p style=\"font-weight: 400;\">Une IRM c\u00e9r\u00e9brale a \u00e9t\u00e9 effectu\u00e9e dans les 24 heures qui suivaient une ablation chez 144 patients ablat\u00e9s de FA (75 dans le bras ablation conventionnelle et 69 dans le bras haute puissance) sous anticoagulants ininterrompus et avec un ACT cible durant la proc\u00e9dure de 350 sec.<\/p>\n<h3 style=\"font-weight: 400;\"><strong><u>Principales conclusions\u00a0:<\/u><\/strong><\/h3>\n<ul>\n<li>3 patients ont pr\u00e9sent\u00e9 un AVC clinique.<\/li>\n<li>Il existait des l\u00e9sions isch\u00e9miques c\u00e9r\u00e9brales infra cliniques chez 41% des patients.<img loading=\"lazy\" decoding=\"async\" class=\" wp-image-3267 aligncenter\" src=\"https:\/\/rythmologie.fr\/index\/wp-content\/uploads\/2023\/05\/Capture-decran-2023-05-03-a-10.47.45-300x155.png\" alt=\"\" width=\"569\" height=\"294\" srcset=\"https:\/\/rythmologie.fr\/index\/wp-content\/uploads\/2023\/05\/Capture-decran-2023-05-03-a-10.47.45-300x155.png 300w, https:\/\/rythmologie.fr\/index\/wp-content\/uploads\/2023\/05\/Capture-decran-2023-05-03-a-10.47.45-1024x530.png 1024w, https:\/\/rythmologie.fr\/index\/wp-content\/uploads\/2023\/05\/Capture-decran-2023-05-03-a-10.47.45-768x397.png 768w, https:\/\/rythmologie.fr\/index\/wp-content\/uploads\/2023\/05\/Capture-decran-2023-05-03-a-10.47.45.png 1086w\" sizes=\"auto, (max-width: 569px) 100vw, 569px\" \/><\/li>\n<\/ul>\n<ul>\n<li>Il existait une augmentation significative des l\u00e9sions isch\u00e9miques c\u00e9r\u00e9brales dans le groupe ablation haute puissance et chez les patients ablat\u00e9s de FA persistante.<\/li>\n<li>Pas de diff\u00e9rence entre les 2 groupes en termes d\u2019h\u00e9morragies infra-clinique.<\/li>\n<\/ul>\n<h3 style=\"font-weight: 400;\"><strong><u><img loading=\"lazy\" decoding=\"async\" class=\" wp-image-3268 aligncenter\" src=\"https:\/\/rythmologie.fr\/index\/wp-content\/uploads\/2023\/05\/Capture-decran-2023-05-03-a-10.47.59-300x87.png\" alt=\"\" width=\"579\" height=\"168\" srcset=\"https:\/\/rythmologie.fr\/index\/wp-content\/uploads\/2023\/05\/Capture-decran-2023-05-03-a-10.47.59-300x87.png 300w, https:\/\/rythmologie.fr\/index\/wp-content\/uploads\/2023\/05\/Capture-decran-2023-05-03-a-10.47.59-1024x296.png 1024w, https:\/\/rythmologie.fr\/index\/wp-content\/uploads\/2023\/05\/Capture-decran-2023-05-03-a-10.47.59-768x222.png 768w, https:\/\/rythmologie.fr\/index\/wp-content\/uploads\/2023\/05\/Capture-decran-2023-05-03-a-10.47.59-1536x444.png 1536w, https:\/\/rythmologie.fr\/index\/wp-content\/uploads\/2023\/05\/Capture-decran-2023-05-03-a-10.47.59-2048x592.png 2048w\" sizes=\"auto, (max-width: 579px) 100vw, 579px\" \/><\/u><\/strong><\/h3>\n<h3 style=\"font-weight: 400;\"><strong><u>Commentaires\u00a0:<\/u><\/strong><\/h3>\n<ul>\n<li>Absence d\u2019IRM c\u00e9r\u00e9brale pr\u00e9 ablation pour v\u00e9rifier l\u2019absence de l\u00e9sions isch\u00e9miques ou h\u00e9morragiques.<\/li>\n<li>Etude \u00e0 r\u00e9aliser avec des cath\u00e9ters d\u00e9di\u00e9s \u00e0 la haute puissance.<\/li>\n<\/ul>\n<p>[\/vc_column_text][vc_empty_space height=&#8221;24px&#8221;][vc_empty_space height=&#8221;24px&#8221;][\/vc_column][\/vc_row][vc_row][vc_column][vc_empty_space][vc_empty_space][vc_separator][vc_empty_space][\/vc_column][\/vc_row]<\/p>\n","protected":false},"excerpt":{"rendered":"<p>[vc_row][vc_column css=&#8221;.vc_custom_1663235123898{margin-top: 0px !important;border-top-width: 0px !important;background-color: rgba(255,255,255,0.1) !important;*background-color: rgb(255,255,255) !important;}&#8221;][vc_empty_space height=&#8221;24px&#8221;][vc_separator color=&#8221;custom&#8221; accent_color=&#8221;#e42925&#8243;][\/vc_column][\/vc_row][vc_row][vc_column][vc_empty_space height=&#8221;24px&#8221;][vc_column_text] L\u2019IRM c\u00e9r\u00e9brale a montr\u00e9 une augmentation des l\u00e9sions isch\u00e9miques c\u00e9r\u00e9brales chez des patients ablat\u00e9s de fibrillation atriale (FA) avec une incidence plus \u00e9lev\u00e9e li\u00e9e \u00e0 l\u2019utilisation de certains cath\u00e9ters. Objectif de cette sous-\u00e9tude\u00a0: Comparer le taux d\u2019AVC infracliniques en fonction de&hellip;<\/p>\n","protected":false},"author":2,"featured_media":3240,"comment_status":"closed","ping_status":"closed","sticky":false,"template":"","format":"standard","meta":{"inline_featured_image":false,"footnotes":"","_links_to":"","_links_to_target":""},"categories":[31,22],"tags":[],"class_list":["post-3239","post","type-post","status-publish","format-standard","has-post-thumbnail","hentry","category-newsletter","category-articles","category-31","category-22","description-off"],"_links":{"self":[{"href":"https:\/\/rythmologie.fr\/index\/wp-json\/wp\/v2\/posts\/3239","targetHints":{"allow":["GET"]}}],"collection":[{"href":"https:\/\/rythmologie.fr\/index\/wp-json\/wp\/v2\/posts"}],"about":[{"href":"https:\/\/rythmologie.fr\/index\/wp-json\/wp\/v2\/types\/post"}],"author":[{"embeddable":true,"href":"https:\/\/rythmologie.fr\/index\/wp-json\/wp\/v2\/users\/2"}],"replies":[{"embeddable":true,"href":"https:\/\/rythmologie.fr\/index\/wp-json\/wp\/v2\/comments?post=3239"}],"version-history":[{"count":3,"href":"https:\/\/rythmologie.fr\/index\/wp-json\/wp\/v2\/posts\/3239\/revisions"}],"predecessor-version":[{"id":3270,"href":"https:\/\/rythmologie.fr\/index\/wp-json\/wp\/v2\/posts\/3239\/revisions\/3270"}],"wp:featuredmedia":[{"embeddable":true,"href":"https:\/\/rythmologie.fr\/index\/wp-json\/wp\/v2\/media\/3240"}],"wp:attachment":[{"href":"https:\/\/rythmologie.fr\/index\/wp-json\/wp\/v2\/media?parent=3239"}],"wp:term":[{"taxonomy":"category","embeddable":true,"href":"https:\/\/rythmologie.fr\/index\/wp-json\/wp\/v2\/categories?post=3239"},{"taxonomy":"post_tag","embeddable":true,"href":"https:\/\/rythmologie.fr\/index\/wp-json\/wp\/v2\/tags?post=3239"}],"curies":[{"name":"wp","href":"https:\/\/api.w.org\/{rel}","templated":true}]}}