{"id":3125,"date":"2023-03-24T09:48:52","date_gmt":"2023-03-24T08:48:52","guid":{"rendered":"https:\/\/rythmologie.fr\/index\/?p=3125"},"modified":"2023-03-24T09:48:52","modified_gmt":"2023-03-24T08:48:52","slug":"bibliographie-du-21-03-23","status":"publish","type":"post","link":"https:\/\/rythmologie.fr\/index\/bibliographie-du-21-03-23\/","title":{"rendered":"Bibliographie du 21\/03\/23"},"content":{"rendered":"<p>[vc_row][vc_column][vc_column_text]<\/p>\n<h3 style=\"text-align: center;\"><strong>Bibliographie du 21 mars 2023<\/strong><\/h3>\n<p>[\/vc_column_text][vc_column_text]<\/p>\n<div class=\"xdj266r x11i5rnm xat24cr x1mh8g0r x1vvkbs x126k92a\">\n<div dir=\"auto\">\n<div class=\"x11i5rnm xat24cr x1mh8g0r x1vvkbs xdj266r x126k92a\">\n<div dir=\"auto\" style=\"text-align: center;\"><span class=\"x3nfvp2 x1j61x8r x1fcty0u xdj266r xhhsvwb xat24cr xgzva0m xxymvpz xlup9mm x1kky2od\"><img loading=\"lazy\" decoding=\"async\" src=\"https:\/\/static.xx.fbcdn.net\/images\/emoji.php\/v9\/t49\/1\/16\/1f4da.png\" alt=\"\ud83d\udcda\" width=\"16\" height=\"16\" \/><\/span>Comme chaque semaine, veuillez trouver le veille bibliographique du groupe de rythmologie de la SFC. Merci aux Prs Marijon et Fauchier.<img loading=\"lazy\" decoding=\"async\" src=\"https:\/\/static.xx.fbcdn.net\/images\/emoji.php\/v9\/t66\/1\/16\/1fac0.png\" alt=\"\ud83e\udec0\" width=\"16\" height=\"16\" \/><\/div>\n<\/div>\n<div class=\"x11i5rnm xat24cr x1mh8g0r x1vvkbs xtlvy1s x126k92a\"><\/div>\n<\/div>\n<\/div>\n<p>[\/vc_column_text]<div class=\" ubtn-ctn-center \"><a class=\"ubtn-link ult-adjust-bottom-margin ubtn-center ubtn-custom \" href=\"https:\/\/academic.oup.com\/eurheartj\/advance-article-abstract\/doi\/10.1093\/eurheartj\/ehad122\/7078715?redirectedFrom=fulltext&fbclid=IwAR0YBx7PKsiD1O49D9XP_lobd_CG6Hj3k7b8zv60ZHbPjRMKnZnmlXZ2B-g&login=false\" target=\"_blank\" rel=\"nofollow  noopener\" ><button type=\"button\" id=\"ubtn-4074\"  class=\"ubtn ult-adjust-bottom-margin ult-responsive ubtn-custom ubtn-no-hover-bg  none  ubtn-sep-icon ubtn-sep-icon-at-left  ubtn-center   tooltip-69f4ac1a2b45e\"  data-hover=\"#e42925\" data-border-color=\"\" data-bg=\"#e0e0e0\" data-hover-bg=\"#ffffff\" data-border-hover=\"\" data-shadow-hover=\"\" data-shadow-click=\"none\" data-shadow=\"\" data-shd-shadow=\"\"  data-ultimate-target='#ubtn-4074'  data-responsive-json-new='{\"font-size\":\"desktop:13px;\",\"line-height\":\"desktop:30px;\"}'  style=\"font-weight:bold;width:1300px;min-height:80px;padding:20px 20px;border:none;background: #e0e0e0;color: #000000;\"><span class=\"ubtn-data ubtn-icon\"><i class=\"icomoon-brankic-32x32-number11\" style=\"font-size:24px;color:#e42925;\"><\/i><\/span><span class=\"ubtn-hover\" style=\"background-color:#ffffff\"><\/span><span class=\"ubtn-data ubtn-text \" > Les an\u00e9vrismes apicaux pr\u00e9disent-ils la mort subite dans la cardiomyopathie hypertrophique ?<\/span><\/button><\/a><\/div><div class=\" ubtn-ctn-center \"><a class=\"ubtn-link ult-adjust-bottom-margin ubtn-center ubtn-custom \" href=\"https:\/\/l.facebook.com\/l.php?u=https%3A%2F%2Fwww.heartrhythmjournal.com%2Farticle%2FS1547-5271(22)02698-4%2Ffulltext%3Ffbclid%3DIwAR0VVCx8InmIt73DyAzUPrwfQcU60rGkKjXi4yb6WwkeHVZ9osHPgMIiyKk&h=AT0gvKzZWhZJEbStMs1U4kktUBx0rQp7ZKjoa4BByuTWXNamVnqslBYfe-3A0waKfLrPB_N1ZRav8tiOc9WeLocXJWiH9emTdAnVcgCtdU5bTXcttlVygwASrn4wjpiaMtKAQsouEg&__tn__=-UK-R&c[0]=AT0Bi5LXGzCXXxJE_hFc9PP0miP_OaISwUBvXyFf0Udj6WENk_DeTuXIshdDH6LTdtZBTw3teZGZxMOuxn5Lx87ox-fVG24HLGq50m-M9CY7yqLai-2b_kThKm117u1eZ3LaAH7nflEH1htr9SvTKafUzcKaMiCeiPudNgRFvq7C6UZ6YJz-QSymBWfack4_lqW_7v-zDomD\" target=\"_blank\" rel=\"nofollow  noopener\" ><button type=\"button\" id=\"ubtn-2345\"  class=\"ubtn ult-adjust-bottom-margin ult-responsive ubtn-custom ubtn-no-hover-bg  none  ubtn-sep-icon ubtn-sep-icon-at-left  ubtn-center   tooltip-69f4ac1a2b53a\"  data-hover=\"#e42925\" data-border-color=\"\" data-bg=\"#e0e0e0\" data-hover-bg=\"#ffffff\" data-border-hover=\"\" data-shadow-hover=\"\" data-shadow-click=\"none\" data-shadow=\"\" data-shd-shadow=\"\"  data-ultimate-target='#ubtn-2345'  data-responsive-json-new='{\"font-size\":\"desktop:14px;\",\"line-height\":\"desktop:30px;\"}'  style=\"font-weight:bold;width:1300px;min-height:80px;padding:20px 20px;border:none;background: #e0e0e0;color: #000000;\"><span class=\"ubtn-data ubtn-icon\"><i class=\"icomoon-brankic-32x32-number12\" style=\"font-size:24px;color:#e42925;\"><\/i><\/span><span class=\"ubtn-hover\" style=\"background-color:#ffffff\"><\/span><span class=\"ubtn-data ubtn-text \" > Pr\u00e9vention pharmacologique de la syncope vasovagale r\u00e9currente : Une revue syst\u00e9matique <\/span><\/button><\/a><\/div><div class=\" ubtn-ctn-center \"><a class=\"ubtn-link ult-adjust-bottom-margin ubtn-center ubtn-custom \" href=\"https:\/\/l.facebook.com\/l.php?u=https%3A%2F%2Facademic.oup.com%2Feuropace%2Fadvance-article%2Fdoi%2F10.1093%2Feuropace%2Feuad038%2F7081494%3Ffbclid%3DIwAR2oNlb0mlp0npXBItFz0kTLSUttNwT60CZQ-MlEnAd2j05ulKLenZu8bs0&h=AT2mzN0u6Kegv8wqrmuRFIHq6dSHJVlzzuaauMtsOhF_6WzKyQU2F-4GmgLatmjGCxugr9SfcBaxk9tLu9NxuIGa0dZsN_7ofZW-uriH9SnLkif1fn0HWr28XMXeQIdpSWdP0FairA&__tn__=-UK-R&c[0]=AT0Bi5LXGzCXXxJE_hFc9PP0miP_OaISwUBvXyFf0Udj6WENk_DeTuXIshdDH6LTdtZBTw3teZGZxMOuxn5Lx87ox-fVG24HLGq50m-M9CY7yqLai-2b_kThKm117u1eZ3LaAH7nflEH1htr9SvTKafUzcKaMiCeiPudNgRFvq7C6UZ6YJz-QSymBWfack4_lqW_7v-zDomD\" target=\"_blank\" rel=\"nofollow  noopener\" ><button type=\"button\" id=\"ubtn-2927\"  class=\"ubtn ult-adjust-bottom-margin ult-responsive ubtn-custom ubtn-no-hover-bg  none  ubtn-sep-icon ubtn-sep-icon-at-left  ubtn-center   tooltip-69f4ac1a2b5ad\"  data-hover=\"#e42925\" data-border-color=\"\" data-bg=\"#e0e0e0\" data-hover-bg=\"#ffffff\" data-border-hover=\"\" data-shadow-hover=\"\" data-shadow-click=\"none\" data-shadow=\"\" data-shd-shadow=\"\"  data-ultimate-target='#ubtn-2927'  data-responsive-json-new='{\"font-size\":\"desktop:14px;\",\"line-height\":\"desktop:30px;\"}'  style=\"font-weight:bold;width:1300px;min-height:80px;padding:20px 20px;border:none;background: #e0e0e0;color: #000000;\"><span class=\"ubtn-data ubtn-icon\"><i class=\"icomoon-brankic-32x32-number13\" style=\"font-size:24px;color:#e42925;\"><\/i><\/span><span class=\"ubtn-hover\" style=\"background-color:#ffffff\"><\/span><span class=\"ubtn-data ubtn-text \" >Meilleure strat\u00e9gie d&#039;ablation chez les patients pr\u00e9sentant des ESV \u00e0 morphologie multiple <\/span><\/button><\/a><\/div><div class=\" ubtn-ctn-center \"><a class=\"ubtn-link ult-adjust-bottom-margin ubtn-center ubtn-custom \" href=\"https:\/\/l.facebook.com\/l.php?u=https%3A%2F%2Facademic.oup.com%2Feuropace%2Fadvance-article%2Fdoi%2F10.1093%2Feuropace%2Feuad063%2F7080812%3Fsearchresult%3D1%26fbclid%3DIwAR33F0iexM39y0xrMMJgvWFDNT5XCZsd_7uUJN1Y-ikx6ALKDk3N6688R7I&h=AT17-B5Lu2tltl-dsPvf9HCssqpxNeCnBwTUU_fG7CR5I3rmgRmyRtBHWzT7FptDgW2g8eAtcW1sMRdjYprbpxWvokTeQ5awA26flQGxic9sHZAEAci84Kuj8wHAePTagHmL3TfH8g&__tn__=-UK-R&c[0]=AT0Bi5LXGzCXXxJE_hFc9PP0miP_OaISwUBvXyFf0Udj6WENk_DeTuXIshdDH6LTdtZBTw3teZGZxMOuxn5Lx87ox-fVG24HLGq50m-M9CY7yqLai-2b_kThKm117u1eZ3LaAH7nflEH1htr9SvTKafUzcKaMiCeiPudNgRFvq7C6UZ6YJz-QSymBWfack4_lqW_7v-zDomD\" target=\"_blank\" rel=\"nofollow  noopener\" ><button type=\"button\" id=\"ubtn-1991\"  class=\"ubtn ult-adjust-bottom-margin ult-responsive ubtn-custom ubtn-no-hover-bg  none  ubtn-sep-icon ubtn-sep-icon-at-left  ubtn-center   tooltip-69f4ac1a2b635 ubtn-tooltip left\" data-toggle=\"tooltip\" data-placement=\"left\" title=\"\" data-hover=\"#e42925\" data-border-color=\"\" data-bg=\"#e0e0e0\" data-hover-bg=\"#ffffff\" data-border-hover=\"\" data-shadow-hover=\"\" data-shadow-click=\"none\" data-shadow=\"\" data-shd-shadow=\"\"  data-ultimate-target='#ubtn-1991'  data-responsive-json-new='{\"font-size\":\"desktop:14px;\",\"line-height\":\"desktop:30px;\"}'  style=\"font-weight:bold;width:1300px;min-height:80px;padding:20px 20px;border:none;background: #e0e0e0;color: #000000;\"><span class=\"ubtn-data ubtn-icon\"><i class=\"icomoon-brankic-32x32-number14\" style=\"font-size:24px;color:#e42925;\"><\/i><\/span><span class=\"ubtn-hover\" style=\"background-color:#ffffff\"><\/span><span class=\"ubtn-data ubtn-text \" >Incidence de la FA et des complications li\u00e9es \u00e0 l&#039;utilisation d&#039;un algorithme de d\u00e9pistage \u00e0 l&#039;\u00e9chelle nationale<\/span><\/button><\/a><\/div><div class=\" ubtn-ctn-center \"><a class=\"ubtn-link ult-adjust-bottom-margin ubtn-center ubtn-custom \" href=\"https:\/\/l.facebook.com\/l.php?u=https%3A%2F%2Fwww.ahajournals.org%2Fdoi%2F10.1161%2FCIR.0000000000001133%3Ffbclid%3DIwAR0q5ujAnQIVqSfjGkTLjrFJRMTgfnnl6vYrh-w1jsDmeDQcwL1u22SVdho&h=AT0N64cUNG1k20qT2qtvTrYzvac6hyhChT47tkbI9rXjQW1tBHfI7NSqo001ErPFJaAQ-23ho77zVYDLGAGz4XyggWo7p799MhpXUqZF-n7bfuOS2N4eUM1DVDZtXfkOdbFHXhWkVQ&__tn__=-UK-R&c[0]=AT0Bi5LXGzCXXxJE_hFc9PP0miP_OaISwUBvXyFf0Udj6WENk_DeTuXIshdDH6LTdtZBTw3teZGZxMOuxn5Lx87ox-fVG24HLGq50m-M9CY7yqLai-2b_kThKm117u1eZ3LaAH7nflEH1htr9SvTKafUzcKaMiCeiPudNgRFvq7C6UZ6YJz-QSymBWfack4_lqW_7v-zDomD\" target=\"_blank\" rel=\"nofollow  noopener\" ><button type=\"button\" id=\"ubtn-1596\"  class=\"ubtn ult-adjust-bottom-margin ult-responsive ubtn-custom ubtn-no-hover-bg  none  ubtn-sep-icon ubtn-sep-icon-at-left  ubtn-center   tooltip-69f4ac1a2b6bf ubtn-tooltip left\" data-toggle=\"tooltip\" data-placement=\"left\" title=\"\" data-hover=\"#e42925\" data-border-color=\"\" data-bg=\"#e0e0e0\" data-hover-bg=\"#ffffff\" data-border-hover=\"\" data-shadow-hover=\"\" data-shadow-click=\"none\" data-shadow=\"\" data-shd-shadow=\"\"  data-ultimate-target='#ubtn-1596'  data-responsive-json-new='{\"font-size\":\"desktop:14px;\",\"line-height\":\"desktop:30px;\"}'  style=\"font-weight:bold;width:1300px;min-height:80px;padding:20px 20px;border:none;background: #e0e0e0;color: #000000;\"><span class=\"ubtn-data ubtn-icon\"><i class=\"icomoon-brankic-32x32-number15\" style=\"font-size:24px;color:#e42925;\"><\/i><\/span><span class=\"ubtn-hover\" style=\"background-color:#ffffff\"><\/span><span class=\"ubtn-data ubtn-text \" >FA survenant au cours d&#039;une hospitalisation aigu\u00eb : D\u00e9claration scientifique de l&#039;American Heart Association<\/span><\/button><\/a><\/div><div class=\" ubtn-ctn-center \"><a class=\"ubtn-link ult-adjust-bottom-margin ubtn-center ubtn-custom \" href=\"https:\/\/l.facebook.com\/l.php?u=https%3A%2F%2Facademic.oup.com%2Feuropace%2Fadvance-article%2Fdoi%2F10.1093%2Feuropace%2Feuad065%2F7081495%3Ffbclid%3DIwAR1nQxtkOCM45HglmejHcGBS7rUSovr_Gc48t75INSANJ_7REYjnTQ8e2h8&h=AT1ws2TzXBT8c6MdfJAxH-fJ-HENt4aqZEzaiES1wAZufcSmqc5tdQXmzXYeN1XQYfsnbnNjJRvtb45U_gv-ZlwX-dg6hEF2s8Q2H7Ry7fHpP-ELmpBgbwumjcgS3E2G3XBd5LiJ7Q&__tn__=-UK-R&c[0]=AT0Bi5LXGzCXXxJE_hFc9PP0miP_OaISwUBvXyFf0Udj6WENk_DeTuXIshdDH6LTdtZBTw3teZGZxMOuxn5Lx87ox-fVG24HLGq50m-M9CY7yqLai-2b_kThKm117u1eZ3LaAH7nflEH1htr9SvTKafUzcKaMiCeiPudNgRFvq7C6UZ6YJz-QSymBWfack4_lqW_7v-zDomD\" target=\"_blank\" rel=\"nofollow  noopener\" ><button type=\"button\" id=\"ubtn-7971\"  class=\"ubtn ult-adjust-bottom-margin ult-responsive ubtn-custom ubtn-no-hover-bg  none  ubtn-sep-icon ubtn-sep-icon-at-left  ubtn-center   tooltip-69f4ac1a2b73b ubtn-tooltip left\" data-toggle=\"tooltip\" data-placement=\"left\" title=\"\" data-hover=\"#e42925\" data-border-color=\"\" data-bg=\"#e0e0e0\" data-hover-bg=\"#ffffff\" data-border-hover=\"\" data-shadow-hover=\"\" data-shadow-click=\"none\" data-shadow=\"\" data-shd-shadow=\"\"  data-ultimate-target='#ubtn-7971'  data-responsive-json-new='{\"font-size\":\"desktop:14px;\",\"line-height\":\"desktop:30px;\"}'  style=\"font-weight:bold;width:1300px;min-height:80px;padding:20px 20px;border:none;background: #e0e0e0;color: #000000;\"><span class=\"ubtn-data ubtn-icon\"><i class=\"icomoon-brankic-32x32-number16\" style=\"font-size:24px;color:#e42925;\"><\/i><\/span><span class=\"ubtn-hover\" style=\"background-color:#ffffff\"><\/span><span class=\"ubtn-data ubtn-text \" >\u00c9viter la stimulation ventriculaire inutile est associ\u00e9 \u00e0 une r\u00e9duction de l&#039;incidence des hospitalisations pour insuffisance cardiaque et de la FA persistante chez les patients porteurs d&#039;un stimulateur cardiaque.<\/span><\/button><\/a><\/div>[\/vc_column][\/vc_row][vc_row][vc_column][\/vc_column][\/vc_row]<\/p>\n","protected":false},"excerpt":{"rendered":"<p>[vc_row][vc_column][vc_column_text] Bibliographie du 21 mars 2023 [\/vc_column_text][vc_column_text] Comme chaque semaine, veuillez trouver le veille bibliographique du groupe de rythmologie de la SFC. Merci aux Prs Marijon et Fauchier. [\/vc_column_text][\/vc_column][\/vc_row][vc_row][vc_column][\/vc_column][\/vc_row]<\/p>\n","protected":false},"author":2,"featured_media":3130,"comment_status":"closed","ping_status":"closed","sticky":false,"template":"","format":"standard","meta":{"inline_featured_image":false,"footnotes":"","_links_to":"","_links_to_target":""},"categories":[38,22],"tags":[],"class_list":["post-3125","post","type-post","status-publish","format-standard","has-post-thumbnail","hentry","category-bibliographie","category-articles","category-38","category-22","description-off"],"_links":{"self":[{"href":"https:\/\/rythmologie.fr\/index\/wp-json\/wp\/v2\/posts\/3125","targetHints":{"allow":["GET"]}}],"collection":[{"href":"https:\/\/rythmologie.fr\/index\/wp-json\/wp\/v2\/posts"}],"about":[{"href":"https:\/\/rythmologie.fr\/index\/wp-json\/wp\/v2\/types\/post"}],"author":[{"embeddable":true,"href":"https:\/\/rythmologie.fr\/index\/wp-json\/wp\/v2\/users\/2"}],"replies":[{"embeddable":true,"href":"https:\/\/rythmologie.fr\/index\/wp-json\/wp\/v2\/comments?post=3125"}],"version-history":[{"count":4,"href":"https:\/\/rythmologie.fr\/index\/wp-json\/wp\/v2\/posts\/3125\/revisions"}],"predecessor-version":[{"id":3129,"href":"https:\/\/rythmologie.fr\/index\/wp-json\/wp\/v2\/posts\/3125\/revisions\/3129"}],"wp:featuredmedia":[{"embeddable":true,"href":"https:\/\/rythmologie.fr\/index\/wp-json\/wp\/v2\/media\/3130"}],"wp:attachment":[{"href":"https:\/\/rythmologie.fr\/index\/wp-json\/wp\/v2\/media?parent=3125"}],"wp:term":[{"taxonomy":"category","embeddable":true,"href":"https:\/\/rythmologie.fr\/index\/wp-json\/wp\/v2\/categories?post=3125"},{"taxonomy":"post_tag","embeddable":true,"href":"https:\/\/rythmologie.fr\/index\/wp-json\/wp\/v2\/tags?post=3125"}],"curies":[{"name":"wp","href":"https:\/\/api.w.org\/{rel}","templated":true}]}}