{"id":3058,"date":"2023-02-23T10:33:12","date_gmt":"2023-02-23T09:33:12","guid":{"rendered":"https:\/\/rythmologie.fr\/index\/?p=3058"},"modified":"2023-03-02T09:54:54","modified_gmt":"2023-03-02T08:54:54","slug":"bibliographie-du-21-02-23","status":"publish","type":"post","link":"https:\/\/rythmologie.fr\/index\/bibliographie-du-21-02-23\/","title":{"rendered":"Bibliographie du 21\/02\/23"},"content":{"rendered":"<p>[vc_row][vc_column][vc_column_text]<\/p>\n<h3 style=\"text-align: center;\"><strong>Bibliographie du 21 f\u00e9vrier 2023<\/strong><\/h3>\n<p>[\/vc_column_text][vc_column_text]<\/p>\n<div class=\"xdj266r x11i5rnm xat24cr x1mh8g0r x1vvkbs x126k92a\">\n<div dir=\"auto\">\n<div class=\"x11i5rnm xat24cr x1mh8g0r x1vvkbs xdj266r x126k92a\">\n<div dir=\"auto\" style=\"text-align: center;\"><span class=\"x3nfvp2 x1j61x8r x1fcty0u xdj266r xhhsvwb xat24cr xgzva0m xxymvpz xlup9mm x1kky2od\"><img loading=\"lazy\" decoding=\"async\" src=\"https:\/\/static.xx.fbcdn.net\/images\/emoji.php\/v9\/t49\/1\/16\/1f4da.png\" alt=\"\ud83d\udcda\" width=\"16\" height=\"16\" \/><\/span>Comme chaque semaine, veuillez trouver le veille bibliographique du groupe de rythmologie de la SFC. Merci aux Prs Marijon et Fauchier. <img loading=\"lazy\" decoding=\"async\" src=\"https:\/\/static.xx.fbcdn.net\/images\/emoji.php\/v9\/t66\/1\/16\/1fac0.png\" alt=\"\ud83e\udec0\" width=\"16\" height=\"16\" \/><\/div>\n<\/div>\n<div class=\"x11i5rnm xat24cr x1mh8g0r x1vvkbs xtlvy1s x126k92a\"><\/div>\n<\/div>\n<\/div>\n<p>[\/vc_column_text]<div class=\" ubtn-ctn-center \"><a class=\"ubtn-link ult-adjust-bottom-margin ubtn-center ubtn-custom \" href=\"https:\/\/www.jacc.org\/doi\/10.1016\/j.jacc.2022.12.011?fbclid=IwAR1gyqCHpy88IYoOZ-mBv-_2B97l2MdEd6JJrIc2TYfogmW4_agr3IRCZvk\" target=\"_blank\" rel=\"nofollow  noopener\" ><button type=\"button\" id=\"ubtn-1010\"  class=\"ubtn ult-adjust-bottom-margin ult-responsive ubtn-custom ubtn-no-hover-bg  none  ubtn-sep-icon ubtn-sep-icon-at-left  ubtn-center   tooltip-69f4ab9441b06\"  data-hover=\"#e42925\" data-border-color=\"\" data-bg=\"#e0e0e0\" data-hover-bg=\"#ffffff\" data-border-hover=\"\" data-shadow-hover=\"\" data-shadow-click=\"none\" data-shadow=\"\" data-shd-shadow=\"\"  data-ultimate-target='#ubtn-1010'  data-responsive-json-new='{\"font-size\":\"desktop:13px;\",\"line-height\":\"desktop:30px;\"}'  style=\"font-weight:bold;width:1300px;min-height:80px;padding:20px 20px;border:none;background: #e0e0e0;color: #000000;\"><span class=\"ubtn-data ubtn-icon\"><i class=\"icomoon-brankic-32x32-number11\" style=\"font-size:24px;color:#e42925;\"><\/i><\/span><span class=\"ubtn-hover\" style=\"background-color:#ffffff\"><\/span><span class=\"ubtn-data ubtn-text \" >Diff\u00e9rences li\u00e9es au sexe dans le contr\u00f4le pr\u00e9coce du rythme de la FA dans l&#039;essai EAST-AFNET 4<\/span><\/button><\/a><\/div><div class=\" ubtn-ctn-center \"><a class=\"ubtn-link ult-adjust-bottom-margin ubtn-center ubtn-custom \" href=\"https:\/\/www.heartrhythmjournal.com\/article\/S1547-5271(22)02517-6\/fulltext?fbclid=IwAR1WBQKHDaEDzJE0FRFHtgYKr5IvCMEhKx-uT9tPfJJxnlKPR3Alxkuxd6w\" target=\"_blank\" rel=\"nofollow  noopener\" ><button type=\"button\" id=\"ubtn-6122\"  class=\"ubtn ult-adjust-bottom-margin ult-responsive ubtn-custom ubtn-no-hover-bg  none  ubtn-sep-icon ubtn-sep-icon-at-left  ubtn-center   tooltip-69f4ab9441c6f\"  data-hover=\"#e42925\" data-border-color=\"\" data-bg=\"#e0e0e0\" data-hover-bg=\"#ffffff\" data-border-hover=\"\" data-shadow-hover=\"\" data-shadow-click=\"none\" data-shadow=\"\" data-shd-shadow=\"\"  data-ultimate-target='#ubtn-6122'  data-responsive-json-new='{\"font-size\":\"desktop:14px;\",\"line-height\":\"desktop:30px;\"}'  style=\"font-weight:bold;width:1300px;min-height:80px;padding:20px 20px;border:none;background: #e0e0e0;color: #000000;\"><span class=\"ubtn-data ubtn-icon\"><i class=\"icomoon-brankic-32x32-number12\" style=\"font-size:24px;color:#e42925;\"><\/i><\/span><span class=\"ubtn-hover\" style=\"background-color:#ffffff\"><\/span><span class=\"ubtn-data ubtn-text \" >Succ\u00e8s de la stimulation antitachycardique en fonction des caract\u00e9ristiques du patient, du dispositif et de la programmation.<\/span><\/button><\/a><\/div><div class=\" ubtn-ctn-center \"><a class=\"ubtn-link ult-adjust-bottom-margin ubtn-center ubtn-custom \" href=\"https:\/\/www.heartrhythmjournal.com\/article\/S1547-5271(22)02579-6\/fulltext?fbclid=IwAR1e9svCriHlntHkVc93l_0lUottuwwY5Yn8kjmMPNDZzKzA-LKF9lbZMrI\" target=\"_blank\" rel=\"nofollow  noopener\" ><button type=\"button\" id=\"ubtn-6709\"  class=\"ubtn ult-adjust-bottom-margin ult-responsive ubtn-custom ubtn-no-hover-bg  none  ubtn-sep-icon ubtn-sep-icon-at-left  ubtn-center   tooltip-69f4ab9441d18\"  data-hover=\"#e42925\" data-border-color=\"\" data-bg=\"#e0e0e0\" data-hover-bg=\"#ffffff\" data-border-hover=\"\" data-shadow-hover=\"\" data-shadow-click=\"none\" data-shadow=\"\" data-shd-shadow=\"\"  data-ultimate-target='#ubtn-6709'  data-responsive-json-new='{\"font-size\":\"desktop:14px;\",\"line-height\":\"desktop:30px;\"}'  style=\"font-weight:bold;width:1300px;min-height:80px;padding:20px 20px;border:none;background: #e0e0e0;color: #000000;\"><span class=\"ubtn-data ubtn-icon\"><i class=\"icomoon-brankic-32x32-number13\" style=\"font-size:24px;color:#e42925;\"><\/i><\/span><span class=\"ubtn-hover\" style=\"background-color:#ffffff\"><\/span><span class=\"ubtn-data ubtn-text \" >ECG haute amplification pour l&#039;\u00e9valuation des patients suspect\u00e9s de DAVD<\/span><\/button><\/a><\/div><div class=\" ubtn-ctn-center \"><a class=\"ubtn-link ult-adjust-bottom-margin ubtn-center ubtn-custom \" href=\"https:\/\/pubmed.ncbi.nlm.nih.gov\/36769721\/\" target=\"_blank\" rel=\"nofollow  noopener\" ><button type=\"button\" id=\"ubtn-4536\"  class=\"ubtn ult-adjust-bottom-margin ult-responsive ubtn-custom ubtn-no-hover-bg  none  ubtn-sep-icon ubtn-sep-icon-at-left  ubtn-center   tooltip-69f4ab9441dcb ubtn-tooltip left\" data-toggle=\"tooltip\" data-placement=\"left\" title=\"\" data-hover=\"#e42925\" data-border-color=\"\" data-bg=\"#e0e0e0\" data-hover-bg=\"#ffffff\" data-border-hover=\"\" data-shadow-hover=\"\" data-shadow-click=\"none\" data-shadow=\"\" data-shd-shadow=\"\"  data-ultimate-target='#ubtn-4536'  data-responsive-json-new='{\"font-size\":\"desktop:14px;\",\"line-height\":\"desktop:30px;\"}'  style=\"font-weight:bold;width:1300px;min-height:80px;padding:20px 20px;border:none;background: #e0e0e0;color: #000000;\"><span class=\"ubtn-data ubtn-icon\"><i class=\"icomoon-brankic-32x32-number14\" style=\"font-size:24px;color:#e42925;\"><\/i><\/span><span class=\"ubtn-hover\" style=\"background-color:#ffffff\"><\/span><span class=\"ubtn-data ubtn-text \" >La FA et le risque d&#039;arythmies ventriculaires et d&#039;arr\u00eats cardiaques <\/span><\/button><\/a><\/div><div class=\" ubtn-ctn-center \"><a class=\"ubtn-link ult-adjust-bottom-margin ubtn-center ubtn-custom \" href=\"https:\/\/academic.oup.com\/europace\/article\/25\/2\/425\/6884052?utm_source=etoc&utm_campaign=europace&utm_medium=email&nbd=13291788409&nbd_source=campaigner&fbclid=IwAR3NpDJliiM5B-9sKufUP5HwMwE4LS8vtJkcl_yUQyeFoCRB--SiKPGKp-8&login=false\" target=\"_blank\" rel=\"nofollow  noopener\" ><button type=\"button\" id=\"ubtn-1557\"  class=\"ubtn ult-adjust-bottom-margin ult-responsive ubtn-custom ubtn-no-hover-bg  none  ubtn-sep-icon ubtn-sep-icon-at-left  ubtn-center   tooltip-69f4ab9441e9a ubtn-tooltip left\" data-toggle=\"tooltip\" data-placement=\"left\" title=\"\" data-hover=\"#e42925\" data-border-color=\"\" data-bg=\"#e0e0e0\" data-hover-bg=\"#ffffff\" data-border-hover=\"\" data-shadow-hover=\"\" data-shadow-click=\"none\" data-shadow=\"\" data-shd-shadow=\"\"  data-ultimate-target='#ubtn-1557'  data-responsive-json-new='{\"font-size\":\"desktop:14px;\",\"line-height\":\"desktop:30px;\"}'  style=\"font-weight:bold;width:1300px;min-height:80px;padding:20px 20px;border:none;background: #e0e0e0;color: #000000;\"><span class=\"ubtn-data ubtn-icon\"><i class=\"icomoon-brankic-32x32-number15\" style=\"font-size:24px;color:#e42925;\"><\/i><\/span><span class=\"ubtn-hover\" style=\"background-color:#ffffff\"><\/span><span class=\"ubtn-data ubtn-text \" >Risque \u00e0 court et \u00e0 long terme de r\u00e9cidive de FA apr\u00e8s une premi\u00e8re ablation en fonction de l\u2019IMC : une \u00e9tude de cohorte danoise \u00e0 l&#039;\u00e9chelle nationale.<\/span><\/button><\/a><\/div><div class=\" ubtn-ctn-center \"><a class=\"ubtn-link ult-adjust-bottom-margin ubtn-center ubtn-custom \" href=\"https:\/\/academic.oup.com\/europace\/article\/25\/2\/300\/6763075?utm_source=etoc&utm_campaign=europace&utm_medium=email&nbd=13291788409&nbd_source=campaigner&fbclid=IwAR1DrNH3ZWQjpG6EKsd2dn3TEPe-MwHlGrRnVnrxXYBKb7EL2AwCog1EoCA&login=false\" target=\"_blank\" rel=\"nofollow  noopener\" ><button type=\"button\" id=\"ubtn-9319\"  class=\"ubtn ult-adjust-bottom-margin ult-responsive ubtn-custom ubtn-no-hover-bg  none  ubtn-sep-icon ubtn-sep-icon-at-left  ubtn-center   tooltip-69f4ab9441f63 ubtn-tooltip left\" data-toggle=\"tooltip\" data-placement=\"left\" title=\"\" data-hover=\"#e42925\" data-border-color=\"\" data-bg=\"#e0e0e0\" data-hover-bg=\"#ffffff\" data-border-hover=\"\" data-shadow-hover=\"\" data-shadow-click=\"none\" data-shadow=\"\" data-shd-shadow=\"\"  data-ultimate-target='#ubtn-9319'  data-responsive-json-new='{\"font-size\":\"desktop:14px;\",\"line-height\":\"desktop:30px;\"}'  style=\"font-weight:bold;width:1300px;min-height:80px;padding:20px 20px;border:none;background: #e0e0e0;color: #000000;\"><span class=\"ubtn-data ubtn-icon\"><i class=\"icomoon-brankic-32x32-number16\" style=\"font-size:24px;color:#e42925;\"><\/i><\/span><span class=\"ubtn-hover\" style=\"background-color:#ffffff\"><\/span><span class=\"ubtn-data ubtn-text \" >FA nouvellement apparue associ\u00e9e \u00e0 une maladie grave : diagnostics ult\u00e9rieurs de FA et autres r\u00e9sultats d\u00e9favorables<\/span><\/button><\/a><\/div><div class=\" ubtn-ctn-center \"><a class=\"ubtn-link ult-adjust-bottom-margin ubtn-center ubtn-custom \" href=\"https:\/\/www.heartrhythmjournal.com\/article\/S1547-5271(23)00196-0\/fulltext?dgcid=raven_jbs_aip_email&fbclid=IwAR1Vht6VbrujYU2e6G3PBjjyDOod7EDbQPuGs9VbtjtyhzuQWKGFMvLZa7E\" target=\"_blank\" rel=\"nofollow  noopener\" ><button type=\"button\" id=\"ubtn-7614\"  class=\"ubtn ult-adjust-bottom-margin ult-responsive ubtn-custom ubtn-no-hover-bg  none  ubtn-sep-icon ubtn-sep-icon-at-left  ubtn-center   tooltip-69f4ab9442010 ubtn-tooltip left\" data-toggle=\"tooltip\" data-placement=\"left\" title=\"\" data-hover=\"#e42925\" data-border-color=\"\" data-bg=\"#e0e0e0\" data-hover-bg=\"#ffffff\" data-border-hover=\"\" data-shadow-hover=\"\" data-shadow-click=\"none\" data-shadow=\"\" data-shd-shadow=\"\"  data-ultimate-target='#ubtn-7614'  data-responsive-json-new='{\"font-size\":\"desktop:14px;\",\"line-height\":\"desktop:30px;\"}'  style=\"font-weight:bold;width:1300px;min-height:80px;padding:20px 20px;border:none;background: #e0e0e0;color: #000000;\"><span class=\"ubtn-data ubtn-icon\"><i class=\"icomoon-brankic-32x32-number17\" style=\"font-size:24px;color:#e42925;\"><\/i><\/span><span class=\"ubtn-hover\" style=\"background-color:#ffffff\"><\/span><span class=\"ubtn-data ubtn-text \" >Mortalit\u00e9 pr\u00e9coce apr\u00e8s l&#039;ablation par cath\u00e9ter chez les patients hospitalis\u00e9s par rapport aux patients externes atteints de FA.<\/span><\/button><\/a><\/div><div class=\" ubtn-ctn-center \"><a class=\"ubtn-link ult-adjust-bottom-margin ubtn-center ubtn-custom \" href=\"https:\/\/jamanetwork.com\/journals\/jamacardiology\/fullarticle\/2801362?fbclid=IwAR0c8XGjTF61ItVps-S4BIMv6upsTPWfdGSUNjMroQW4j07mLVIOmnNZdGg\" target=\"_blank\" rel=\"nofollow  noopener\" ><button type=\"button\" id=\"ubtn-6861\"  class=\"ubtn ult-adjust-bottom-margin ult-responsive ubtn-custom ubtn-no-hover-bg  none  ubtn-sep-icon ubtn-sep-icon-at-left  ubtn-center   tooltip-69f4ab94420d2 ubtn-tooltip left\" data-toggle=\"tooltip\" data-placement=\"left\" title=\"\" data-hover=\"#e42925\" data-border-color=\"\" data-bg=\"#e0e0e0\" data-hover-bg=\"#ffffff\" data-border-hover=\"\" data-shadow-hover=\"\" data-shadow-click=\"none\" data-shadow=\"\" data-shd-shadow=\"\"  data-ultimate-target='#ubtn-6861'  data-responsive-json-new='{\"font-size\":\"desktop:14px;\",\"line-height\":\"desktop:30px;\"}'  style=\"font-weight:bold;width:1300px;min-height:80px;padding:20px 20px;border:none;background: #e0e0e0;color: #000000;\"><span class=\"ubtn-data ubtn-icon\"><i class=\"icomoon-brankic-32x32-number18\" style=\"font-size:24px;color:#e42925;\"><\/i><\/span><span class=\"ubtn-hover\" style=\"background-color:#ffffff\"><\/span><span class=\"ubtn-data ubtn-text \" >Pr\u00e9valence et pronostic des bradyarythmies chez les patients soumis \u00e0 un d\u00e9pistage de la FA <\/span><\/button><\/a><\/div>[\/vc_column][\/vc_row][vc_row][vc_column][\/vc_column][\/vc_row]<\/p>\n","protected":false},"excerpt":{"rendered":"<p>[vc_row][vc_column][vc_column_text] Bibliographie du 21 f\u00e9vrier 2023 [\/vc_column_text][vc_column_text] Comme chaque semaine, veuillez trouver le veille bibliographique du groupe de rythmologie de la SFC. Merci aux Prs Marijon et Fauchier. [\/vc_column_text][\/vc_column][\/vc_row][vc_row][vc_column][\/vc_column][\/vc_row]<\/p>\n","protected":false},"author":2,"featured_media":3075,"comment_status":"closed","ping_status":"closed","sticky":false,"template":"","format":"standard","meta":{"inline_featured_image":false,"footnotes":"","_links_to":"","_links_to_target":""},"categories":[38,22],"tags":[],"class_list":["post-3058","post","type-post","status-publish","format-standard","has-post-thumbnail","hentry","category-bibliographie","category-articles","category-38","category-22","description-off"],"_links":{"self":[{"href":"https:\/\/rythmologie.fr\/index\/wp-json\/wp\/v2\/posts\/3058","targetHints":{"allow":["GET"]}}],"collection":[{"href":"https:\/\/rythmologie.fr\/index\/wp-json\/wp\/v2\/posts"}],"about":[{"href":"https:\/\/rythmologie.fr\/index\/wp-json\/wp\/v2\/types\/post"}],"author":[{"embeddable":true,"href":"https:\/\/rythmologie.fr\/index\/wp-json\/wp\/v2\/users\/2"}],"replies":[{"embeddable":true,"href":"https:\/\/rythmologie.fr\/index\/wp-json\/wp\/v2\/comments?post=3058"}],"version-history":[{"count":2,"href":"https:\/\/rythmologie.fr\/index\/wp-json\/wp\/v2\/posts\/3058\/revisions"}],"predecessor-version":[{"id":3061,"href":"https:\/\/rythmologie.fr\/index\/wp-json\/wp\/v2\/posts\/3058\/revisions\/3061"}],"wp:featuredmedia":[{"embeddable":true,"href":"https:\/\/rythmologie.fr\/index\/wp-json\/wp\/v2\/media\/3075"}],"wp:attachment":[{"href":"https:\/\/rythmologie.fr\/index\/wp-json\/wp\/v2\/media?parent=3058"}],"wp:term":[{"taxonomy":"category","embeddable":true,"href":"https:\/\/rythmologie.fr\/index\/wp-json\/wp\/v2\/categories?post=3058"},{"taxonomy":"post_tag","embeddable":true,"href":"https:\/\/rythmologie.fr\/index\/wp-json\/wp\/v2\/tags?post=3058"}],"curies":[{"name":"wp","href":"https:\/\/api.w.org\/{rel}","templated":true}]}}